{"id":2649,"date":"2016-09-28T17:29:36","date_gmt":"2016-09-28T17:29:36","guid":{"rendered":"https:\/\/www.allenfield.com\/blog\/?p=565"},"modified":"2023-08-16T16:57:19","modified_gmt":"2023-08-16T20:57:19","slug":"study-clears-up-ambiguity-items-deemed-recyclable","status":"publish","type":"post","link":"https:\/\/www.allenfield.com\/es\/study-clears-up-ambiguity-items-deemed-recyclable\/","title":{"rendered":"Un estudio aclara la ambig\u00fcedad de los art\u00edculos considerados \"reciclables"},"content":{"rendered":"<p>M\u00e1s de 2.000 programas de reciclaje estadounidenses fueron examinados para el estudio 2015-16 Centralized Study on Availability of Recycling para concluir que la Sustainable Packaging Coalition (SPC) reconoce 49 tipos de envases. Trece asociaciones comerciales de envases y grupos sin \u00e1nimo de lucro que se centran en el reciclaje realizaron este estudio para determinar qu\u00e9 art\u00edculos la SPC considera \"reciclables\" y no reciclables, y c\u00f3mo llegan a esta conclusi\u00f3n. <!--more-->Con tanta ambig\u00fcedad en torno al t\u00e9rmino, las 13 asociaciones y organizaciones sin \u00e1nimo de lucro se unieron para realizar un esfuerzo colectivo y acabaron coincidiendo con la Comisi\u00f3n Federal de Comercio de EE.UU.: tiene que haber una gran probabilidad de que el envase se recicle, lo que depende en gran medida de la aceptaci\u00f3n de los programas de reciclaje.<\/p>\n<p>Todas las botellas, vasos y envases r\u00edgidos de pl\u00e1stico, excepto el cloruro de polivinilo (PVC) y el poliestireno (PS), las latas de bebidas de aluminio y las botellas de vidrio, as\u00ed como los envases de aerosoles (tanto de acero como de aluminio) son los que m\u00e1s probabilidades tienen de ser reciclados, ya que los programas de reciclaje de m\u00e1s del 60 por ciento de la poblaci\u00f3n los aceptan. La Gu\u00eda para el Uso de Alegaciones de Marketing Medioambiental de la Comisi\u00f3n Federal de Comercio ha establecido la norma industrial para los niveles de aceptaci\u00f3n de los programas de reciclaje en el 60%; lo que significa que si menos del 60% de la poblaci\u00f3n dispone de un programa que acepte art\u00edculos reciclados, esa falta de aceptaci\u00f3n es un obst\u00e1culo para la reciclabilidad pr\u00e1ctica del art\u00edculo. Por otro lado, si m\u00e1s del 60% de los programas de reciclaje de la poblaci\u00f3n aceptan el art\u00edculo, entonces se considera un art\u00edculo reciclable sin ninguna barrera.<\/p>\n<p>Se descubri\u00f3 que art\u00edculos dif\u00edciles de reciclar como los envases de poliestireno expandido (EPS) eran aceptados en menos del 20% de los programas de reciclaje de nuestra poblaci\u00f3n, al igual que las tarrinas de papel para helados, los cubiertos de pl\u00e1stico, los vasos de papel, los tubos de polietileno exprimible y los contenedores de papel para aplicaciones alimentarias. Tampoco se puede afirmar que sean reciclables art\u00edculos como los envases r\u00edgidos de poliestireno, las tapas de polipropileno y polietileno, los envases alimentarios de papel de aluminio o los pl\u00e1sticos voluminosos. Sin embargo, se pueden tomar iniciativas para aumentar la probabilidad de reciclabilidad de los tipos de envases que tienen menos del 60% de aceptaci\u00f3n en los programas de reciclaje. Es de esperar que educar a la comunidad y mantener un di\u00e1logo abierto estimule una mayor aceptaci\u00f3n de los programas de recogida. En el caso de otros art\u00edculos, es necesario mejorar el dise\u00f1o de los envases, la infraestructura de reciclado y las tecnolog\u00edas de reprocesado para que tengan una mejor posici\u00f3n como art\u00edculos reciclables.<\/p>\n<p>Es importante tener en cuenta que aceptar un art\u00edculo como reciclable es s\u00f3lo el primer paso. Una vez aceptado, debe clasificarse adecuadamente, venderse a un reprocesador, deconstruirse y luego reconstruirse en un nuevo material.<\/p>","protected":false},"excerpt":{"rendered":"<p>M\u00e1s de 2.000 programas de reciclaje estadounidenses fueron examinados para el estudio 2015-16 Centralized Study on Availability of Recycling para concluir que la Sustainable Packaging Coalition (SPC) reconoce 49 tipos de envases.<\/p>\n<p><a class=\"moretag\" href=\"https:\/\/www.allenfield.com\/es\/study-clears-up-ambiguity-items-deemed-recyclable\/\"> Seguir leyendo...<\/a><\/p>","protected":false},"author":2,"featured_media":8952,"comment_status":"closed","ping_status":"closed","sticky":false,"template":"","format":"standard","meta":{"_acf_changed":false,"inline_featured_image":false,"footnotes":""},"categories":[23],"tags":[52,53],"class_list":["post-2649","post","type-post","status-publish","format-standard","has-post-thumbnail","hentry","category-packaging-up-to-date","tag-federal-trade-commission","tag-recyclable"],"acf":[],"yoast_head":"<!-- This site is optimized with the Yoast SEO Premium plugin v27.5 (Yoast SEO v27.5) - https:\/\/yoast.com\/product\/yoast-seo-premium-wordpress\/ -->\n<title>Study Clears Up Ambiguity of Items Deemed \u2018Recyclable\u2019<\/title>\n<meta name=\"description\" content=\"Allen Field: Thirteen packaging trade associations and non-profit groups performed this study to determine what the SPC deems \u201crecyclable.\u201d\" \/>\n<meta name=\"robots\" content=\"index, follow, max-snippet:-1, max-image-preview:large, max-video-preview:-1\" \/>\n<link rel=\"canonical\" href=\"https:\/\/www.allenfield.com\/es\/study-clears-up-ambiguity-items-deemed-recyclable\/\" \/>\n<meta property=\"og:locale\" content=\"es_MX\" \/>\n<meta property=\"og:type\" content=\"article\" \/>\n<meta property=\"og:title\" content=\"Study Clears Up Ambiguity of Items Deemed \u2018Recyclable\u2019\" \/>\n<meta property=\"og:description\" content=\"Allen Field: Thirteen packaging trade associations and non-profit groups performed this study to determine what the SPC deems \u201crecyclable.\u201d\" \/>\n<meta property=\"og:url\" content=\"https:\/\/www.allenfield.com\/es\/study-clears-up-ambiguity-items-deemed-recyclable\/\" \/>\n<meta property=\"og:site_name\" content=\"Allen Field\" \/>\n<meta property=\"article:publisher\" content=\"https:\/\/www.facebook.com\/AllenFieldCompany\" \/>\n<meta property=\"article:published_time\" content=\"2016-09-28T17:29:36+00:00\" \/>\n<meta property=\"article:modified_time\" content=\"2023-08-16T20:57:19+00:00\" \/>\n<meta property=\"og:image\" content=\"https:\/\/www.allenfield.com\/wp-content\/uploads\/2020\/04\/Sustainable-Featured.png\" \/>\n\t<meta property=\"og:image:width\" content=\"730\" \/>\n\t<meta property=\"og:image:height\" content=\"400\" \/>\n\t<meta property=\"og:image:type\" content=\"image\/png\" \/>\n<meta name=\"author\" content=\"Drew\" \/>\n<meta name=\"twitter:card\" content=\"summary_large_image\" \/>\n<meta name=\"twitter:creator\" content=\"@AllenField\" \/>\n<meta name=\"twitter:site\" content=\"@AllenField\" \/>\n<script type=\"application\/ld+json\" class=\"yoast-schema-graph\">{\"@context\":\"https:\\\/\\\/schema.org\",\"@graph\":[{\"@type\":\"Article\",\"@id\":\"https:\\\/\\\/www.allenfield.com\\\/study-clears-up-ambiguity-items-deemed-recyclable\\\/#article\",\"isPartOf\":{\"@id\":\"https:\\\/\\\/www.allenfield.com\\\/study-clears-up-ambiguity-items-deemed-recyclable\\\/\"},\"author\":{\"name\":\"Drew\",\"@id\":\"https:\\\/\\\/www.allenfield.com\\\/#\\\/schema\\\/person\\\/2c6ed2fafe1a9fbb24dabd700970867a\"},\"headline\":\"Study Clears Up Ambiguity of Items Deemed \u2018Recyclable\u2019\",\"datePublished\":\"2016-09-28T17:29:36+00:00\",\"dateModified\":\"2023-08-16T20:57:19+00:00\",\"mainEntityOfPage\":{\"@id\":\"https:\\\/\\\/www.allenfield.com\\\/study-clears-up-ambiguity-items-deemed-recyclable\\\/\"},\"wordCount\":424,\"publisher\":{\"@id\":\"https:\\\/\\\/www.allenfield.com\\\/#organization\"},\"image\":{\"@id\":\"https:\\\/\\\/www.allenfield.com\\\/study-clears-up-ambiguity-items-deemed-recyclable\\\/#primaryimage\"},\"thumbnailUrl\":\"https:\\\/\\\/www.allenfield.com\\\/wp-content\\\/uploads\\\/2020\\\/04\\\/Sustainable-Featured.png\",\"keywords\":[\"federal trade commission\",\"recyclable\"],\"articleSection\":[\"Packaging Up-to-Date\"],\"inLanguage\":\"es\"},{\"@type\":\"WebPage\",\"@id\":\"https:\\\/\\\/www.allenfield.com\\\/study-clears-up-ambiguity-items-deemed-recyclable\\\/\",\"url\":\"https:\\\/\\\/www.allenfield.com\\\/study-clears-up-ambiguity-items-deemed-recyclable\\\/\",\"name\":\"Study Clears Up Ambiguity of Items Deemed \u2018Recyclable\u2019\",\"isPartOf\":{\"@id\":\"https:\\\/\\\/www.allenfield.com\\\/#website\"},\"primaryImageOfPage\":{\"@id\":\"https:\\\/\\\/www.allenfield.com\\\/study-clears-up-ambiguity-items-deemed-recyclable\\\/#primaryimage\"},\"image\":{\"@id\":\"https:\\\/\\\/www.allenfield.com\\\/study-clears-up-ambiguity-items-deemed-recyclable\\\/#primaryimage\"},\"thumbnailUrl\":\"https:\\\/\\\/www.allenfield.com\\\/wp-content\\\/uploads\\\/2020\\\/04\\\/Sustainable-Featured.png\",\"datePublished\":\"2016-09-28T17:29:36+00:00\",\"dateModified\":\"2023-08-16T20:57:19+00:00\",\"description\":\"Allen Field: Thirteen packaging trade associations and non-profit groups performed this study to determine what the SPC deems \u201crecyclable.\u201d\",\"breadcrumb\":{\"@id\":\"https:\\\/\\\/www.allenfield.com\\\/study-clears-up-ambiguity-items-deemed-recyclable\\\/#breadcrumb\"},\"inLanguage\":\"es\",\"potentialAction\":[{\"@type\":\"ReadAction\",\"target\":[\"https:\\\/\\\/www.allenfield.com\\\/study-clears-up-ambiguity-items-deemed-recyclable\\\/\"]}]},{\"@type\":\"ImageObject\",\"inLanguage\":\"es\",\"@id\":\"https:\\\/\\\/www.allenfield.com\\\/study-clears-up-ambiguity-items-deemed-recyclable\\\/#primaryimage\",\"url\":\"https:\\\/\\\/www.allenfield.com\\\/wp-content\\\/uploads\\\/2020\\\/04\\\/Sustainable-Featured.png\",\"contentUrl\":\"https:\\\/\\\/www.allenfield.com\\\/wp-content\\\/uploads\\\/2020\\\/04\\\/Sustainable-Featured.png\",\"width\":730,\"height\":400},{\"@type\":\"BreadcrumbList\",\"@id\":\"https:\\\/\\\/www.allenfield.com\\\/study-clears-up-ambiguity-items-deemed-recyclable\\\/#breadcrumb\",\"itemListElement\":[{\"@type\":\"ListItem\",\"position\":1,\"name\":\"Home\",\"item\":\"https:\\\/\\\/www.allenfield.com\\\/\"},{\"@type\":\"ListItem\",\"position\":2,\"name\":\"Study Clears Up Ambiguity of Items Deemed \u2018Recyclable\u2019\"}]},{\"@type\":\"WebSite\",\"@id\":\"https:\\\/\\\/www.allenfield.com\\\/#website\",\"url\":\"https:\\\/\\\/www.allenfield.com\\\/\",\"name\":\"Allen Field\",\"description\":\"Simply Brilliant Packaging Components\",\"publisher\":{\"@id\":\"https:\\\/\\\/www.allenfield.com\\\/#organization\"},\"potentialAction\":[{\"@type\":\"SearchAction\",\"target\":{\"@type\":\"EntryPoint\",\"urlTemplate\":\"https:\\\/\\\/www.allenfield.com\\\/?s={search_term_string}\"},\"query-input\":{\"@type\":\"PropertyValueSpecification\",\"valueRequired\":true,\"valueName\":\"search_term_string\"}}],\"inLanguage\":\"es\"},{\"@type\":\"Organization\",\"@id\":\"https:\\\/\\\/www.allenfield.com\\\/#organization\",\"name\":\"Allen Field\",\"url\":\"https:\\\/\\\/www.allenfield.com\\\/\",\"logo\":{\"@type\":\"ImageObject\",\"inLanguage\":\"es\",\"@id\":\"https:\\\/\\\/www.allenfield.com\\\/#\\\/schema\\\/logo\\\/image\\\/\",\"url\":\"https:\\\/\\\/www.allenfield.com\\\/wp-content\\\/uploads\\\/2022\\\/06\\\/allenfield-logo-2022.svg\",\"contentUrl\":\"https:\\\/\\\/www.allenfield.com\\\/wp-content\\\/uploads\\\/2022\\\/06\\\/allenfield-logo-2022.svg\",\"width\":\"1024\",\"height\":\"1024\",\"caption\":\"Allen Field\"},\"image\":{\"@id\":\"https:\\\/\\\/www.allenfield.com\\\/#\\\/schema\\\/logo\\\/image\\\/\"},\"sameAs\":[\"https:\\\/\\\/www.facebook.com\\\/AllenFieldCompany\",\"https:\\\/\\\/x.com\\\/AllenField\",\"https:\\\/\\\/www.linkedin.com\\\/company\\\/allen-field-company-inc.\",\"https:\\\/\\\/www.pinterest.com\\\/allenfieldco\\\/\",\"https:\\\/\\\/www.youtube.com\\\/channel\\\/UCb_ZBB7DJCTkgvRMoqJy-TQ\"],\"description\":\"Allen Field designs and supplies innovative, high-quality packaging components\u2014plastic handles, box-connecting clips, wheels, and display hardware\u2014backed by in-house engineering. Sustainable options include biodegradable, reusable, and recycled-content plastics, plus fully recyclable, all-natural paper\\\/Kraft. With global reach, deep inventory, and custom design, we help brands streamline packaging, cut waste, and elevate presentation.\",\"email\":\"info@allenfield.com\",\"telephone\":\"800-535-0810\",\"foundingDate\":\"1945-08-30\",\"numberOfEmployees\":{\"@type\":\"QuantitativeValue\",\"minValue\":\"11\",\"maxValue\":\"50\"}},{\"@type\":\"Person\",\"@id\":\"https:\\\/\\\/www.allenfield.com\\\/#\\\/schema\\\/person\\\/2c6ed2fafe1a9fbb24dabd700970867a\",\"name\":\"Drew\",\"image\":{\"@type\":\"ImageObject\",\"inLanguage\":\"es\",\"@id\":\"https:\\\/\\\/secure.gravatar.com\\\/avatar\\\/b754fd48c240c88fedb9c96e13f439daa5cfde614f6ec38125b2546d5477331b?s=96&d=mm&r=g\",\"url\":\"https:\\\/\\\/secure.gravatar.com\\\/avatar\\\/b754fd48c240c88fedb9c96e13f439daa5cfde614f6ec38125b2546d5477331b?s=96&d=mm&r=g\",\"contentUrl\":\"https:\\\/\\\/secure.gravatar.com\\\/avatar\\\/b754fd48c240c88fedb9c96e13f439daa5cfde614f6ec38125b2546d5477331b?s=96&d=mm&r=g\",\"caption\":\"Drew\"},\"sameAs\":[\"https:\\\/\\\/www.allenfield.com\"]}]}<\/script>\n<!-- \/ Yoast SEO Premium plugin. -->","yoast_head_json":{"title":"Un estudio aclara la ambig\u00fcedad de los art\u00edculos considerados \"reciclables","description":"Allen Field: Trece asociaciones comerciales de envases y grupos sin \u00e1nimo de lucro realizaron este estudio para determinar lo que el SPC considera \"reciclable.\"","robots":{"index":"index","follow":"follow","max-snippet":"max-snippet:-1","max-image-preview":"max-image-preview:large","max-video-preview":"max-video-preview:-1"},"canonical":"https:\/\/www.allenfield.com\/es\/study-clears-up-ambiguity-items-deemed-recyclable\/","og_locale":"es_MX","og_type":"article","og_title":"Study Clears Up Ambiguity of Items Deemed \u2018Recyclable\u2019","og_description":"Allen Field: Thirteen packaging trade associations and non-profit groups performed this study to determine what the SPC deems \u201crecyclable.\u201d","og_url":"https:\/\/www.allenfield.com\/es\/study-clears-up-ambiguity-items-deemed-recyclable\/","og_site_name":"Allen Field","article_publisher":"https:\/\/www.facebook.com\/AllenFieldCompany","article_published_time":"2016-09-28T17:29:36+00:00","article_modified_time":"2023-08-16T20:57:19+00:00","og_image":[{"width":730,"height":400,"url":"https:\/\/www.allenfield.com\/wp-content\/uploads\/2020\/04\/Sustainable-Featured.png","type":"image\/png"}],"author":"Drew","twitter_card":"summary_large_image","twitter_creator":"@AllenField","twitter_site":"@AllenField","schema":{"@context":"https:\/\/schema.org","@graph":[{"@type":"Article","@id":"https:\/\/www.allenfield.com\/study-clears-up-ambiguity-items-deemed-recyclable\/#article","isPartOf":{"@id":"https:\/\/www.allenfield.com\/study-clears-up-ambiguity-items-deemed-recyclable\/"},"author":{"name":"Drew","@id":"https:\/\/www.allenfield.com\/#\/schema\/person\/2c6ed2fafe1a9fbb24dabd700970867a"},"headline":"Study Clears Up Ambiguity of Items Deemed \u2018Recyclable\u2019","datePublished":"2016-09-28T17:29:36+00:00","dateModified":"2023-08-16T20:57:19+00:00","mainEntityOfPage":{"@id":"https:\/\/www.allenfield.com\/study-clears-up-ambiguity-items-deemed-recyclable\/"},"wordCount":424,"publisher":{"@id":"https:\/\/www.allenfield.com\/#organization"},"image":{"@id":"https:\/\/www.allenfield.com\/study-clears-up-ambiguity-items-deemed-recyclable\/#primaryimage"},"thumbnailUrl":"https:\/\/www.allenfield.com\/wp-content\/uploads\/2020\/04\/Sustainable-Featured.png","keywords":["federal trade commission","recyclable"],"articleSection":["Packaging Up-to-Date"],"inLanguage":"es"},{"@type":"WebPage","@id":"https:\/\/www.allenfield.com\/study-clears-up-ambiguity-items-deemed-recyclable\/","url":"https:\/\/www.allenfield.com\/study-clears-up-ambiguity-items-deemed-recyclable\/","name":"Un estudio aclara la ambig\u00fcedad de los art\u00edculos considerados \"reciclables","isPartOf":{"@id":"https:\/\/www.allenfield.com\/#website"},"primaryImageOfPage":{"@id":"https:\/\/www.allenfield.com\/study-clears-up-ambiguity-items-deemed-recyclable\/#primaryimage"},"image":{"@id":"https:\/\/www.allenfield.com\/study-clears-up-ambiguity-items-deemed-recyclable\/#primaryimage"},"thumbnailUrl":"https:\/\/www.allenfield.com\/wp-content\/uploads\/2020\/04\/Sustainable-Featured.png","datePublished":"2016-09-28T17:29:36+00:00","dateModified":"2023-08-16T20:57:19+00:00","description":"Allen Field: Trece asociaciones comerciales de envases y grupos sin \u00e1nimo de lucro realizaron este estudio para determinar lo que el SPC considera \"reciclable.\"","breadcrumb":{"@id":"https:\/\/www.allenfield.com\/study-clears-up-ambiguity-items-deemed-recyclable\/#breadcrumb"},"inLanguage":"es","potentialAction":[{"@type":"ReadAction","target":["https:\/\/www.allenfield.com\/study-clears-up-ambiguity-items-deemed-recyclable\/"]}]},{"@type":"ImageObject","inLanguage":"es","@id":"https:\/\/www.allenfield.com\/study-clears-up-ambiguity-items-deemed-recyclable\/#primaryimage","url":"https:\/\/www.allenfield.com\/wp-content\/uploads\/2020\/04\/Sustainable-Featured.png","contentUrl":"https:\/\/www.allenfield.com\/wp-content\/uploads\/2020\/04\/Sustainable-Featured.png","width":730,"height":400},{"@type":"BreadcrumbList","@id":"https:\/\/www.allenfield.com\/study-clears-up-ambiguity-items-deemed-recyclable\/#breadcrumb","itemListElement":[{"@type":"ListItem","position":1,"name":"Home","item":"https:\/\/www.allenfield.com\/"},{"@type":"ListItem","position":2,"name":"Study Clears Up Ambiguity of Items Deemed \u2018Recyclable\u2019"}]},{"@type":"WebSite","@id":"https:\/\/www.allenfield.com\/#website","url":"https:\/\/www.allenfield.com\/","name":"Campo Allen","description":"Componentes de envasado Simply Brilliant","publisher":{"@id":"https:\/\/www.allenfield.com\/#organization"},"potentialAction":[{"@type":"SearchAction","target":{"@type":"EntryPoint","urlTemplate":"https:\/\/www.allenfield.com\/?s={search_term_string}"},"query-input":{"@type":"PropertyValueSpecification","valueRequired":true,"valueName":"search_term_string"}}],"inLanguage":"es"},{"@type":"Organization","@id":"https:\/\/www.allenfield.com\/#organization","name":"Campo Allen","url":"https:\/\/www.allenfield.com\/","logo":{"@type":"ImageObject","inLanguage":"es","@id":"https:\/\/www.allenfield.com\/#\/schema\/logo\/image\/","url":"https:\/\/www.allenfield.com\/wp-content\/uploads\/2022\/06\/allenfield-logo-2022.svg","contentUrl":"https:\/\/www.allenfield.com\/wp-content\/uploads\/2022\/06\/allenfield-logo-2022.svg","width":"1024","height":"1024","caption":"Allen Field"},"image":{"@id":"https:\/\/www.allenfield.com\/#\/schema\/logo\/image\/"},"sameAs":["https:\/\/www.facebook.com\/AllenFieldCompany","https:\/\/x.com\/AllenField","https:\/\/www.linkedin.com\/company\/allen-field-company-inc.","https:\/\/www.pinterest.com\/allenfieldco\/","https:\/\/www.youtube.com\/channel\/UCb_ZBB7DJCTkgvRMoqJy-TQ"],"description":"Allen Field dise\u00f1a y suministra componentes de embalaje innovadores y de alta calidad -asas de pl\u00e1stico, clips de conexi\u00f3n de cajas, ruedas y herrajes de exposici\u00f3n- respaldados por ingenier\u00eda propia. Las opciones sostenibles incluyen pl\u00e1sticos biodegradables, reutilizables y de contenido reciclado, adem\u00e1s de papel\/Kraft totalmente reciclable y natural. Con un alcance global, un amplio inventario y un dise\u00f1o personalizado, ayudamos a las marcas a racionalizar los envases, reducir los residuos y mejorar la presentaci\u00f3n.","email":"info@allenfield.com","telephone":"800-535-0810","foundingDate":"1945-08-30","numberOfEmployees":{"@type":"QuantitativeValue","minValue":"11","maxValue":"50"}},{"@type":"Person","@id":"https:\/\/www.allenfield.com\/#\/schema\/person\/2c6ed2fafe1a9fbb24dabd700970867a","name":"Drew","image":{"@type":"ImageObject","inLanguage":"es","@id":"https:\/\/secure.gravatar.com\/avatar\/b754fd48c240c88fedb9c96e13f439daa5cfde614f6ec38125b2546d5477331b?s=96&d=mm&r=g","url":"https:\/\/secure.gravatar.com\/avatar\/b754fd48c240c88fedb9c96e13f439daa5cfde614f6ec38125b2546d5477331b?s=96&d=mm&r=g","contentUrl":"https:\/\/secure.gravatar.com\/avatar\/b754fd48c240c88fedb9c96e13f439daa5cfde614f6ec38125b2546d5477331b?s=96&d=mm&r=g","caption":"Drew"},"sameAs":["https:\/\/www.allenfield.com"]}]}},"_links":{"self":[{"href":"https:\/\/www.allenfield.com\/es\/wp-json\/wp\/v2\/posts\/2649","targetHints":{"allow":["GET"]}}],"collection":[{"href":"https:\/\/www.allenfield.com\/es\/wp-json\/wp\/v2\/posts"}],"about":[{"href":"https:\/\/www.allenfield.com\/es\/wp-json\/wp\/v2\/types\/post"}],"author":[{"embeddable":true,"href":"https:\/\/www.allenfield.com\/es\/wp-json\/wp\/v2\/users\/2"}],"replies":[{"embeddable":true,"href":"https:\/\/www.allenfield.com\/es\/wp-json\/wp\/v2\/comments?post=2649"}],"version-history":[{"count":0,"href":"https:\/\/www.allenfield.com\/es\/wp-json\/wp\/v2\/posts\/2649\/revisions"}],"wp:featuredmedia":[{"embeddable":true,"href":"https:\/\/www.allenfield.com\/es\/wp-json\/wp\/v2\/media\/8952"}],"wp:attachment":[{"href":"https:\/\/www.allenfield.com\/es\/wp-json\/wp\/v2\/media?parent=2649"}],"wp:term":[{"taxonomy":"category","embeddable":true,"href":"https:\/\/www.allenfield.com\/es\/wp-json\/wp\/v2\/categories?post=2649"},{"taxonomy":"post_tag","embeddable":true,"href":"https:\/\/www.allenfield.com\/es\/wp-json\/wp\/v2\/tags?post=2649"}],"curies":[{"name":"wp","href":"https:\/\/api.w.org\/{rel}","templated":true}]}}